{"id":90,"date":"2018-06-14T15:09:30","date_gmt":"2018-06-14T15:09:30","guid":{"rendered":"http:\/\/www.marcel-lenka.cz\/?p=90"},"modified":"2018-06-14T15:09:30","modified_gmt":"2018-06-14T15:09:30","slug":"rozhovor-s-monicou-a-michelem","status":"publish","type":"post","link":"https:\/\/www.marcel-lenka.cz\/index.php\/2018\/06\/14\/rozhovor-s-monicou-a-michelem\/","title":{"rendered":"Rozhovor s Monicou a Michelem"},"content":{"rendered":"<p style=\"font-weight: 400;\"><strong>MICHELE BONSIGNORI<\/strong><\/p>\n<p style=\"font-weight: 400;\"><strong>&amp;<\/strong><\/p>\n<p style=\"font-weight: 400;\"><strong>MONICA BALDASSERONI<\/strong><\/p>\n<p style=\"font-weight: 400;\"><strong>\u00a0<\/strong><\/p>\n<p style=\"font-weight: 400;\"><em>Zm\u00edn\u00edme n\u011bkolik va\u0161ich profesion\u00e1ln\u00edch \u00fasp\u011bch\u016f: p\u00e1t\u00e9 m\u00edsto na MS\u00a02002 a\u00a02003, 4. m\u00edsto na ME 2003, semifinalist\u00e9 Blackpoolu, UK a International\u2026 Kter\u00fdch amat\u00e9rsk\u00fdch a profesion\u00e1ln\u00edch \u00fasp\u011bch\u016f si nejv\u00edce cen\u00edte a r\u00e1di na n\u011b vzpom\u00edn\u00e1te?<\/em><\/p>\n<p style=\"font-weight: 400;\"><strong>\u00a0<\/strong><\/p>\n<p style=\"font-weight: 400;\"><strong>Michele:\u00a0<\/strong>Ud\u00e1lost\u00ed, kterou si p\u0159ipom\u00edn\u00e1m nejrad\u011bji, je mistrovstv\u00ed sv\u011bta v roce 1998 v\u00a0Tokiu v\u00a0Japonsku, kde jsme skon\u010dili jako 3. To je n\u00e1\u0161 nejv\u011bt\u0161\u00ed \u00fasp\u011bch v\u00a0amat\u00e9rech. R\u00e1d na to vzpom\u00edn\u00e1m zejm\u00e9na\u00a0\u00a0proto, \u017ee jsem bronzovou medaili v\u011bnoval m\u00e9 babi\u010dce, kter\u00e1 m\u011b p\u0159im\u011bla, abych za\u010dal s\u00a0t\u00edmto sportem a v\u00a0prvn\u00edch letech m\u011b doprov\u00e1zela na lekce a z\u00e1vody. To, \u017ee jsem j\u00ed mohl v\u011bnovat tento \u00fasp\u011bch, toto 3. m\u00edsto\u00a0\u00a0na mistrovstv\u00ed sv\u011bta, pro m\u011b znamenalo mnoho. Babi\u010dka s\u00a0n\u00e1mi bydlela a byla to pr\u00e1v\u011b ona, kter\u00e1 m\u011b p\u0159ivedla poprv\u00e9 do tane\u010dn\u00ed \u0161koly. Tam jsem pozd\u011bji poznal Moniku a za\u010dali jsme spolu tan\u010dit. Proto mi d\u011bl\u00e1 velkou radost p\u0159ipomenout tento mal\u00fd \u00fasp\u011bch a v\u011bnovat ho m\u00e9 babi\u010dce.<\/p>\n<p style=\"font-weight: 400;\"><strong>Monica:<\/strong>\u00a0I pro m\u011b bylo toto mistrovstv\u00ed sv\u011bta velmi d\u016fle\u017eit\u00e9, ale v\u00a0amat\u00e9rech je pro m\u011b nejv\u00fdznamn\u011bj\u0161\u00ed rok 2000. Tehdy jsme vyhr\u00e1li amat\u00e9rsk\u00e9 mistrovstv\u00ed It\u00e1lie a pak p\u0159estoupili k\u00a0profesion\u00e1l\u016fm. Za dal\u0161\u00ed \u00fasp\u011bch pova\u017euji\u00a0\u00a0prvn\u00ed mistrovstv\u00ed, kter\u00e9ho jsme se \u00fa\u010dastnili jako profesion\u00e1lov\u00e9, a to ne pro v\u00fdsledek, ale proto, \u017ee jsme tan\u010dili spolu s\u00a0na\u0161\u00edm tren\u00e9rem Fabiem Selmim.<\/p>\n<p style=\"font-weight: 400;\"><strong>\u00a0<\/strong><\/p>\n<p style=\"font-weight: 400;\"><em>Jedn\u00edm ze sn\u016f tane\u010dn\u00edk\u016f je p\u0159edv\u00e1d\u011bt na kongresu v\u00a0Blackpoolu. Letos jste asistovali Fabiovi. Jak\u00fd to byl z\u00e1\u017eitek?<\/em><\/p>\n<p style=\"font-weight: 400;\"><em>\u00a0<\/em><\/p>\n<p style=\"font-weight: 400;\"><strong>Michele:<\/strong>\u00a0Byl to pro n\u00e1s kr\u00e1sn\u00fd z\u00e1\u017eitek, proto\u017ee kongres v\u00a0Blackpoolu je velmi d\u016fle\u017eit\u00fd a je zde mnoho profesion\u00e1l\u016f, kte\u0159\u00ed tam sed\u00ed a sleduj\u00ed v\u00e1s. Ale nejhez\u010d\u00ed bylo to, \u017ee n\u00e1s Fabio a Simona po\u017e\u00e1dali o pomoc p\u0159i p\u0159edv\u00e1d\u011bn\u00ed jejich lekce. Na t\u00e9to lekci jsme j\u00e1 a Monica tan\u010dili spolu s\u00a0Fabiem\u00a0\u00a0a Simonou a Mirkem a Alesi\u00ed. Pro n\u00e1s to bylo velmi cenn\u00e9 a moc se n\u00e1m to l\u00edbilo, proto\u017ee Fabio a Simona jsou nejen na\u0161i u\u010ditel\u00e9 , ale v\u00a0prv\u00e9 \u0159ad\u011b jsou na\u0161i bl\u00edzc\u00ed p\u0159\u00e1tel\u00e9. Cel\u00e1 na\u0161e \u201erodina\u201c tan\u010dila na t\u00e9to lekci v\u00a0Blackpoolu a je velmi t\u011b\u017ek\u00e9 popsat pocit, kdy\u017e jsme tam tan\u010dili v\u0161ichni t\u0159i pohromad\u011b. Byl to \u00fa\u017easn\u00fd z\u00e1\u017eitek, velk\u00fd spln\u011bn\u00fd sen a douf\u00e1me, \u017ee si to je\u0161t\u011b n\u011bkdy spole\u010dn\u011b zopakujeme.<\/p>\n<p style=\"font-weight: 400;\"><strong>\u00a0<\/strong><\/p>\n<p style=\"font-weight: 400;\"><em>Je dobr\u00e9 pro p\u00e1r, aby m\u011bl v\u00edce tren\u00e9r\u016f nebo jenom jednoho?<\/em><\/p>\n<p style=\"font-weight: 400;\"><strong>\u00a0<\/strong><\/p>\n<p style=\"font-weight: 400;\"><strong>Monica:\u00a0<\/strong>Pro m\u011b je d\u016fle\u017eit\u00e9, aby m\u011bl ka\u017ed\u00fd p\u00e1r sv\u00e9ho tren\u00e9ra, kter\u00e9mu v\u011b\u0159\u00ed. A to jak ve v\u011bcech t\u00fdkaj\u00edc\u00edch se techniky tance, tak v\u00a0obecn\u011bj\u0161\u00ed rovin\u011b jako je nap\u0159. v\u00fdb\u011br sout\u011b\u017e\u00ed. Tren\u00e9ra, kter\u00fd ho podpo\u0159\u00ed, kdy\u017e se neda\u0159\u00ed. D\u00e1le je d\u016fle\u017eit\u00e9 neust\u00e1le se vzd\u011bl\u00e1vat a m\u00edt n\u011bjak\u00fd referen\u010dn\u00ed bod. Nap\u0159\u00edklad my ji\u017e 10 let spolupracujeme s\u00a0Fabiem a Simonou a oni jsou na\u0161i hlavn\u00ed a nejd\u016fle\u017eit\u011bj\u0161\u00ed tren\u00e9\u0159i. Ale abychom se rozv\u00edjeli, tr\u00e9nujeme i s\u00a0anglick\u00fdmi tren\u00e9ry.<\/p>\n<p style=\"font-weight: 400;\"><strong>Michele:<\/strong>\u00a0Jak u\u017e \u0159\u00edkala Monica, je d\u016fle\u017eit\u00e9 m\u00edt tren\u00e9ra jako je nap\u0159. pro n\u00e1s Fabio a Simona. Tren\u00e9ra, kter\u00e9mu v\u011b\u0159\u00edte v\u00edce ne\u017e ostatn\u00edm. Tren\u00e9ra, kter\u00e9mu se sv\u011b\u0159\u00edte s\u00a0probl\u00e9my, kter\u00e9 v\u00e1s nutn\u011b potkaj\u00ed v\u00a0pr\u016fb\u011bhu va\u0161\u00ed kari\u00e9ry. Tren\u00e9ra, se kter\u00fdm se rad\u00edte, jak se zlep\u0161it a jak\u00e1 by m\u011bla b\u00fdt va\u0161e image. Prost\u011b m\u00edt n\u011bkoho, kdo v\u00e1s objektivn\u011b zhodnot\u00ed. Pro p\u00e1r na ur\u010dit\u00e9 \u00farovni je v\u0161ak d\u016fle\u017eit\u00e9, aby byl v kontaktu i s dal\u0161\u00edmi prvot\u0159\u00eddn\u00ed tren\u00e9ry, zvl\u00e1\u0161t\u011b s t\u011bmi tzv. anglick\u00fdmi, kte\u0159\u00ed se v\u00edcekr\u00e1t stali mistry sv\u011bta. Pochopit jejich pohled na tanec, jejich koncepci. Je to d\u016fle\u017eit\u00e9, proto\u017ee z\u00edsk\u00e1te zku\u0161enost. P\u00e1r nesm\u00ed myslet pouze na v\u00fdsledky, ale mus\u00ed db\u00e1t i na zlep\u0161en\u00ed vlastn\u00ed \u201etane\u010dn\u00ed kultury\u201c, proto\u017ee dnes sice pat\u0159\u00ed mezi ml\u00e1de\u017e \u010di amat\u00e9ry, ale jednou se stane profesion\u00e1lem. A pak p\u0159estane sout\u011b\u017eit a stane se tren\u00e9rem dal\u0161\u00edch d\u011bt\u00ed, dal\u0161\u00ed ml\u00e1de\u017ee, dal\u0161\u00edch amat\u00e9r\u016f a dal\u0161\u00edch profesion\u00e1l\u016f. A proto je d\u016fle\u017eit\u00e9 z\u00edskat co nejv\u00edce v\u011bdomost\u00ed, zvy\u0161ovat svou \u00farove\u0148 v\u00a0tomto sportu a jednou tyto zku\u0161enosti p\u0159ed\u00e1vat d\u00e1l. Kari\u00e9ra tane\u010dn\u00edka trv\u00e1 pouze ur\u010ditou dobu, ale zku\u0161enost trv\u00e1 nav\u017edy.<\/p>\n<p style=\"font-weight: 400;\">\n<p style=\"font-weight: 400;\"><em>Je zn\u00e1mo, \u017ee v\u00a0It\u00e1lie je sportovn\u00ed tanec hodn\u011b roz\u0161\u00ed\u0159en. V\u00edte p\u0159ibli\u017en\u011b, kolik tane\u010dn\u00edch p\u00e1r\u016f se sout\u011b\u017en\u011b v\u011bnuje tancov\u00e1n\u00ed?<\/em><\/p>\n<p style=\"font-weight: 400;\"><strong>\u00a0<\/strong><\/p>\n<p style=\"font-weight: 400;\"><strong>Monica:<\/strong>\u00a0V\u00a0It\u00e1lii je mnoho p\u00e1r\u016f, a na rozd\u00edl od jin\u00fdch zem\u00ed jsou p\u00e1ry rozd\u011bleny do n\u011bkolika kategori\u00ed: C to jsou \u00fapln\u00ed za\u010d\u00e1te\u010dn\u00edci, B o n\u011bco pokro\u010dilej\u0161\u00ed, A se d\u011bl\u00ed na A2 a A1 a pak je t\u0159\u00edda mezin\u00e1rodn\u00ed. Mistrovstv\u00ed It\u00e1lie na \u00farovni mezin\u00e1rodn\u00ed t\u0159\u00eddy se \u00fa\u010dastn\u00ed kolem 300 p\u00e1ru, ale v\u00a0It\u00e1lii je odhadem celkem asi 2000 sout\u011b\u017en\u00edch p\u00e1r\u016f, kter\u00e9 tan\u010d\u00ed standardn\u00ed a latinskoamerick\u00e9 tance. Je dob\u0159e, \u017ee lid\u00ed , kte\u0159\u00ed se n\u011bjak\u00fdm zp\u016fsobem dostanou k\u00a0tanci, a to zejm\u00e9na k\u00a0tanc\u016fm latinskoamerick\u00fdm, je skute\u010dn\u011b mnoho. Bohu\u017eel jsou to p\u0159ev\u00e1\u017en\u011b seniorsk\u00e9 p\u00e1ry, pouze v\u00a0ji\u017en\u00ed It\u00e1lii je st\u00e1le hodn\u011b d\u011bt\u00ed, kter\u00e9 za\u010d\u00ednaj\u00ed tancovat.<\/p>\n<p style=\"font-weight: 400;\">\n<p style=\"font-weight: 400;\"><em>Jak\u00fd maj\u00ed ital\u0161t\u00ed tane\u010dn\u00edci p\u0159\u00edstup k\u00a0tr\u00e9nov\u00e1n\u00ed a p\u0159\u00edprav\u011b na sout\u011b\u017e, \u017ee jsou tak dob\u0159\u00ed?<\/em><\/p>\n<p style=\"font-weight: 400;\"><strong>\u00a0<\/strong><\/p>\n<p style=\"font-weight: 400;\"><strong>Michele:\u00a0<\/strong>Pokud se chyst\u00e1me na sout\u011b\u017e, tak se n\u011bjak speci\u00e1ln\u011b za\u010dneme p\u0159ipravovat a\u017e 10 dn\u00ed p\u0159edem. Tr\u00e9nujeme st\u00e1le, dvojn\u00e1sob to platilo, kdy\u017e jsme je\u0161t\u011b byli amat\u00e9ry, a m\u00e1me tak st\u00e1le \u201enatr\u00e9nov\u00e1no\u201c. Pamatuji si zejm\u00e9na na sv\u00e9 nejlep\u0161\u00ed obdob\u00ed v\u00a0amat\u00e9rech, jak jsem tr\u00e9noval, a jak jsem dosahoval nejlep\u0161\u00edch v\u00fdsledk\u016f. M\u00edvali jsme 2-3 lekce s\u00a0na\u0161imi tren\u00e9ry a 3 tr\u00e9ninky po 2 hodin\u00e1ch za t\u00fdden. A na v\u0161ech t\u0159ech tr\u00e9ninc\u00edch jsme se sna\u017eili tan\u010dit maxim\u00e1ln\u011b nep\u0159eru\u0161ovan\u011b, a simulovat tak pocity a obt\u00ed\u017ee, kter\u00e9 mohou nastat na sout\u011b\u017ei. Na posledn\u00edch tr\u00e9ninc\u00edch p\u0159ed sout\u011b\u017e\u00ed jsme se v\u017edy sna\u017eili tan\u010dit jako ve fin\u00e1le, a to v\u010detn\u011b emoc\u00ed. My Italov\u00e9 nem\u00e1me p\u0159\u00edli\u0161 vztah ke sportovn\u00ed p\u0159\u00edprav\u011b na sout\u011b\u017ee, pouze trochu stre\u010dinku p\u0159ed tr\u00e9ninkem a p\u0159ed sout\u011b\u017e\u00ed. U n\u00e1s asi neexistuje \u017e\u00e1dn\u00e1 tane\u010dn\u00ed \u0161kola, kde by se komplexn\u011b vyu\u010dovalo jak zah\u0159\u00e1t ty spr\u00e1vn\u00e9 svaly. D\u00e1le se sna\u017e\u00edme j\u00edst t\u011bstoviny, jsme p\u0159eci Italov\u00e9\u2026.<\/p>\n<p style=\"font-weight: 400;\"><strong>Monica:<\/strong>\u00a0Podle m\u011b je rozd\u00edl mezi Italy a ostatn\u00edmi tak\u00e9 v tom, \u017ee se na tr\u00e9ninku hodn\u011b v\u011bnujeme basicu a z\u00e1klad\u016fm v\u016fbec, a to i p\u00e1ry na vysok\u00e9 \u00farovni. Nesoust\u0159ed\u00edme se pouze na sestavu a slo\u017eit\u00e9 figury. I my se na ka\u017ed\u00e9m tr\u00e9ninku zah\u0159\u00edv\u00e1me z\u00e1kladn\u00edmi kroky a cvi\u010den\u00edm na pos\u00edlen\u00ed kotn\u00edk\u016f a chodidel. A jak u\u017e \u0159ekl Michele, p\u0159ed ka\u017edou sout\u011b\u017e\u00ed j\u00edme t\u011bstoviny, proto\u017ee n\u00e1m dod\u00e1vaj\u00ed energii.<\/p>\n<p style=\"font-weight: 400;\">\n<p style=\"font-weight: 400;\"><em>Kolik p\u00e1r\u016f s\u00a0v\u00e1mi intenzivn\u011b spolupracuje?<\/em><\/p>\n<p style=\"font-weight: 400;\">\n<p style=\"font-weight: 400;\"><strong>Michele:\u00a0<\/strong>Je pro n\u00e1s t\u011b\u017ek\u00e9 spo\u010d\u00edtat p\u00e1ry, kter\u00e9 s\u00a0n\u00e1mi spolupracovaly. Sna\u017e\u00edme se vytvo\u0159it jeden velk\u00fd t\u00fdm s\u00a0Fabiem a Simonou a s\u00a0Mirkem a Alessi\u00ed, a to zahrnuje dv\u011b a\u017e t\u0159i tane\u010dn\u00ed \u0161koly v\u00a0na\u0161em regionu. V\u00a0dob\u011b na\u0161\u00ed nep\u0159\u00edtomnosti se vz\u00e1jemn\u011b zastupujeme &#8211; n\u011bkdy j\u00e1 a Monica u\u010d\u00edme za Fabia a Simonu, jindy Mirko a Alessia za n\u00e1s a naopak. Je to t\u011b\u017ek\u00e9 spo\u010d\u00edtat i proto, \u017ee doj\u00ed\u017ed\u00edme tak\u00e9 do dal\u0161\u00edch tane\u010dn\u00edch \u0161kol na jihu i na severu It\u00e1lie a za n\u00e1mi jezd\u00ed p\u00e1ry ze zahrani\u010d\u00ed. Nen\u00ed tedy mo\u017en\u00e9 spo\u010d\u00edtat v\u0161echny p\u00e1ry , ale pouze ty z\u00a0na\u0161ich vlastn\u00edch klub\u016f. Uv\u00e1\u017e\u00edme-li, \u017ee v\u00a0regionu m\u00e1me t\u0159i velk\u00e9 kluby, je to asi 100 p\u00e1r\u016f, kter\u00e9 spolupracuj\u00ed s\u00a0n\u00e1mi, s\u00a0Fabiem a Simonou a s\u00a0Mirkem a Alessi\u00ed.<\/p>\n<p style=\"font-weight: 400;\">\n<p style=\"font-weight: 400;\"><em>Jak se v\u00e1m tan\u010dilo v\u00a0nov\u00e9m p\u016fsobi\u0161ti GOC ve Stuttgartu?<\/em><\/p>\n<p style=\"font-weight: 400;\"><strong>\u00a0<\/strong><\/p>\n<p style=\"font-weight: 400;\"><strong>Monica:\u00a0<\/strong>Tan\u010dit v\u00a0N\u011bmecku je pro n\u00e1s poka\u017ed\u00e9 kr\u00e1sn\u00fd z\u00e1\u017eitek, proto\u017ee publikum je velmi v\u0159el\u00e9 a v\u017edy n\u00e1s dob\u0159e p\u0159ijalo. A i s v\u00fdsledky jsme byli v\u017edy spokojeni. Leto\u0161n\u00ed sout\u011b\u017e ve Stuttgartu byla velmi podobn\u00e1 t\u00e9 v\u00a0Mannheimu. Jenom prost\u0159ed\u00ed je pro m\u011b tro\u0161ku rozlehl\u00e9, jsou tam t\u0159i s\u00e1ly rozpt\u00fdlen\u00e9 pom\u011brn\u011b daleko od sebe. Byl to ale n\u00e1dhern\u00fd z\u00e1\u017eitek, publikum bylo jako v\u017edy srde\u010dn\u00e9 a dob\u0159e jsme se bavili. V\u017edy, kdy\u017e s\u00a0n\u00e1mi tan\u010d\u00ed na\u0161i p\u0159\u00e1tel\u00e9, jako t\u0159eba Mirko a Alessia a Mirco D\u00b4Agostino a Arianna, tak si spole\u010dn\u011b u\u017e\u00edv\u00e1me nejen sout\u011b\u017e, ale i voln\u00e9 chv\u00edle. A to byl i p\u0159\u00edpad Stuttgartu.<\/p>\n<p style=\"font-weight: 400;\">\n<p style=\"font-weight: 400;\"><em>Ve Stuttgartu jste spole\u010dn\u011b s\u00a0Mirkem a Alessi\u00ed bavili publikum. Jste p\u0159\u00e1teli i v\u00a0soukrom\u00ed?<\/em><\/p>\n<p style=\"font-weight: 400;\"><strong>\u00a0<\/strong><\/p>\n<p style=\"font-weight: 400;\"><strong>Michele:<\/strong>\u00a0Pro n\u00e1s je velmi jednoduch\u00e9 strhnout n\u011bmeck\u00e9 publikum, plat\u00ed to i pro Mirka a Alessiu, proto\u017ee n\u00e1m toto publikum dod\u00e1v\u00e1 energii a n\u00e1s to pak velmi bav\u00ed. Kamar\u00e1d\u00edme se odmali\u010dka, st\u00fdkali jsme se i mimo tane\u010dn\u00ed prost\u0159ed\u00ed a z\u00a0toho vyplynulo na\u0161e spont\u00e1nn\u00ed a up\u0159\u00edmn\u00e9 p\u0159\u00e1telstv\u00ed. A to plat\u00ed i na parket\u011b, i kdy\u017e je p\u0159irozen\u00e9, \u017ee pokud postoup\u00edme do fin\u00e1le, sna\u017e\u00edme se oba dva vyhr\u00e1t. Ale jako v\u00a0ka\u017ed\u00e9m sportu, je pouze jedno prvn\u00ed m\u00edsto, a to plat\u00ed pro ka\u017ed\u00e9 um\u00edst\u011bn\u00ed. P\u0159\u00e1telstv\u00ed v\u0161ak nez\u00e1le\u017e\u00ed na po\u0159ad\u00ed, v\u00fdsledku. Nez\u00e1le\u017e\u00ed na tom, jestli n\u00e1s Mirko poraz\u00ed, nebo jestli jsme my kdysi porazili \u010di poraz\u00edme Mirka. D\u016fle\u017eit\u00e9 je, aby n\u00e1s tenhle sport bavil, abychom z\u016fstali sympati\u010dt\u00ed div\u00e1k\u016fm a abychom byli \u010destn\u00ed k\u00a0sob\u011b i k\u00a0ostatn\u00edm. To je to, co n\u00e1m d\u00e1v\u00e1 s\u00edlu a hodnotu, a to je d\u016fvod, pro\u010d mnoho italsk\u00fdch p\u00e1r\u016f chce do na\u0161ich klub\u016f. Je to pro n\u00e1s velk\u00e9 zadostiu\u010din\u011bn\u00ed , kdy\u017e za n\u00e1mi p\u0159ijdou a \u0159eknou, \u017ee cht\u011bj\u00ed pat\u0159it k\u00a0n\u00e1m, proto\u017ee vid\u00ed, \u017ee je u n\u00e1s dobr\u00e1 a zdrav\u00e1 konkurence, a \u017ee tady nen\u00ed p\u0159\u00edli\u0161 \u017e\u00e1rlivosti.<\/p>\n<p style=\"font-weight: 400;\"><strong>Monica:<\/strong>\u00a0Pro m\u011b jsou Mirco a Alessia velc\u00ed p\u0159\u00e1tel\u00e9 a p\u0159edev\u0161\u00edm Alessia je pro m\u011b jako sestra. Kdy\u017e spolu ti dva chodili, tr\u00e1vili jsme spole\u010dn\u011b mnoho dovolen\u00fdch, a to i v\u00a0obdob\u00ed v\u00e1noc, a bez tance. A jak u\u017e \u0159\u00edkal Michele, pokud m\u00e1me sout\u011b\u017e, tr\u00e9nujeme spole\u010dn\u011b,\u00a0\u00a0rad\u00edme si, nebo si vym\u011bn\u00edme partnery, abychom si vyzkou\u0161eli nov\u00e9 pocity. A Fabio n\u00e1m \u010dasto \u0159\u00edk\u00e1, \u017ee se ho ptaj\u00ed, jak udr\u017e\u00ed pohromad\u011b dva tane\u010dn\u00edky, kte\u0159\u00ed spolu v\u017edy soupe\u0159ili v\u00a0amat\u00e9rech a te\u010f znovu v\u00a0profesion\u00e1lech, pohromad\u011b. A i on \u0159\u00edk\u00e1, \u017ee to nen\u00ed jednoduch\u00e9, ale \u017ee se k\u00a0n\u00e1m v\u017edy choval naprosto stejn\u011b, a \u017ee i my jsme byli rozumn\u00ed, ale p\u0159edev\u0161\u00edm, \u017ee je to d\u00edky na\u0161emu p\u0159\u00e1telstv\u00ed. A to n\u00e1m z\u016fstane i a\u017e skon\u010d\u00edme s\u00a0tancov\u00e1n\u00edm, v\u017edy budeme p\u0159\u00e1teli.<\/p>\n<p style=\"font-weight: 400;\">\n<p style=\"font-weight: 400;\"><em>Mysl\u00edte si, \u017ee tane\u010dn\u00ed festivaly typu Blackpool, GOC, Cervia a dal\u0161\u00ed jsou vhodn\u00e9 i pro tane\u010dn\u00ed p\u00e1ry, kter\u00e9 si nejedou pro v\u00edt\u011bzstv\u00ed nebo fin\u00e1lov\u00e9 um\u00edst\u011bn\u00ed? Pro\u010d?<\/em><\/p>\n<p style=\"font-weight: 400;\"><strong>\u00a0<\/strong><\/p>\n<p style=\"font-weight: 400;\"><strong>Monica:\u00a0<\/strong>J\u00e1 si mysl\u00edm, \u017ee pro p\u00e1ry, kter\u00e9 maj\u00ed r\u00e1dy tanec, je \u00fa\u017easn\u00fd z\u00e1\u017eitek tan\u010dit v\u00a0Blackpoolu, na GOC nebo na jak\u00e9koliv jin\u00e9 velk\u00e9 sout\u011b\u017ei, a to i kdy\u017e v\u011bd\u00ed, \u017ee se nedostanou nap\u0159. do fin\u00e1le nebo semifin\u00e1le. Zaprv\u00e9 kv\u016fli m\u00edstu, kde se tyto sout\u011b\u017ee konaj\u00ed, co\u017e plat\u00ed zejm\u00e9na pro Blackpool, a zadruh\u00e9 proto, \u017ee tan\u010d\u00ed spole\u010dn\u011b s\u00a0mistry. Kdy\u017e jsme nap\u0159\u00edklad my tan\u010dili poprv\u00e9 v\u00a0Blackpoolu a v\u0161ichni nastoupili na prvn\u00ed kolo, bylo to pro n\u00e1s velmi emotivn\u00ed z\u00e1\u017eitek. Tan\u010dili jsme s\u00a0lidmi, o kter\u00fdch jsme v\u011bd\u011bli, \u017ee se \u00fa\u010dastnili mistrovstv\u00ed sv\u011bta a nebo byli p\u0159\u00edmo aktu\u00e1ln\u00edmi mistry sv\u011bta!Tak\u017ee bych p\u00e1r\u016fm poradila, aby se, pokud jen trochu mohou, takov\u00e9 velk\u00e9 sout\u011b\u017ee alespo\u0148 jednou z\u00fa\u010dastnili.<\/p>\n<p style=\"font-weight: 400;\">\n<p style=\"font-weight: 400;\"><em>V\u00a0dubnu s\u00a0v\u00e1mi man\u017eel\u00e9 Gebertovi uspo\u0159\u00e1dali workshop. Nyn\u00ed jste v\u00a0Praze podruh\u00e9. Jak\u00fd m\u00e1te pohled na \u010desk\u00e9 tancov\u00e1n\u00ed a \u010desk\u00e9 p\u00e1ry?<\/em><\/p>\n<p style=\"font-weight: 400;\">\n<p style=\"font-weight: 400;\"><strong>Michele:\u00a0<\/strong>Lenka a Marcel n\u00e1s pozvali, abychom vyu\u010dovali v\u00a0\u010cesk\u00e9 republice, a to jak spole\u010dn\u00fd semin\u00e1\u0159, tak individu\u00e1ln\u00ed lekce. Pro n\u00e1s to byla velk\u00e1 \u010dest, proto\u017ee n\u00e1m byli tihle ,,ragazzi\u201csympati\u010dt\u00ed ji\u017e od prvn\u00ed sout\u011b\u017ee, na kter\u00e9 jsme se kdysi v\u00a0amat\u00e9rech v\u00a0zahrani\u010d\u00ed setkali. V\u00a0Praze jsme objevili n\u00e1dhern\u00e9 , starobyl\u00e9, romantick\u00e9 m\u011bsto. Zvl\u00e1\u0161t\u011b jsme se bavili, kdy\u017e jsme p\u0159i na\u0161em druh\u00e9m pobytu \u0161li s\u00a0Monicou sami do m\u011bsta. Potkali jsme dal\u0161\u00ed Italy, kte\u0159\u00ed byli na n\u00e1v\u0161t\u011bv\u011b Prahy a moc se n\u00e1m tato proch\u00e1zka l\u00edbila. Co se t\u00fdk\u00e1 p\u00e1r\u016f a tance v\u00a0\u010cesk\u00e9 republice, v\u0161iml jsem si spousty vysok\u00fdch tane\u010dn\u00edk\u016f a spousty kr\u00e1sn\u00fdch vysok\u00fdch \u0161t\u00edhl\u00fdch tane\u010dnic, s\u00a0dlouh\u00fdma nohama. Tedy jak u mu\u017e\u016f tak u \u017een, co\u017e je pro tento sport d\u016fle\u017eit\u00e9. Nech\u00e1pu, co jed\u00ed, aby byli tak vysoc\u00ed a \u0161t\u00edhl\u00ed. Tohle v\u0161echno je dobr\u00e9 pro tane\u010dn\u00ed sport. A mysl\u00edm \u00fapln\u011b v\u00e1\u017en\u011b, \u017ee jsem potkal velmi talentovan\u00e9 mlad\u00e9 p\u00e1ry. Ptal jsme se jich, jak je mo\u017en\u00e9, \u017ee jsem je nevid\u011bl na \u017e\u00e1dn\u00e9 sout\u011b\u017ei, jako je GOC, Blackpool apod. A oni mi odpov\u011bd\u011bli,\u017ee jim to nedovoluje jejich ekonomick\u00e1 situace. Po pravd\u011b \u0159e\u010deno, pokud o tom p\u0159em\u00fd\u0161l\u00edm, je to pro tyto mlad\u00e9 tane\u010dn\u00edky mo\u017enost m\u011b\u0159it se s\u00a0ostatn\u00edmi p\u00e1ry na t\u011bchto d\u016fle\u017eit\u00fdch sout\u011b\u017e\u00edch ekonomicky velmi n\u00e1kladn\u00e1. Moc m\u011b to mrz\u00ed, proto\u017ee si s\u00e1m pamatuji, jak moji rodi\u010de d\u00e1vali stranou pen\u00edze, abych mohl jet koncem m\u011bs\u00edce tr\u00e9novat se zahrani\u010dn\u00edmi tren\u00e9ry nebo obecn\u011b se zku\u0161en\u00fdmi tren\u00e9ry. To mluv\u00edm o dob\u011b p\u0159ed patn\u00e1cti lety. Tak\u017ee moji rodi\u010de \u0161et\u0159ili , aby mi mohli zaplatit koncem m\u011bs\u00edce lekce. Bylo to smutn\u00e9, ale d\u016fle\u017eit\u00e9, proto\u017ee jsem vid\u011bl, jak se uskrom\u0148uj\u00ed, abych m\u011bl tane\u010dn\u00ed lekce. Proto m\u00e1m respekt k\u00a0t\u011bmto kluk\u016fm a d\u00edvk\u00e1m, pro kter\u00e9 je obt\u00ed\u017en\u00e9 tan\u010dit a nav\u00edc je\u0161t\u011b platit sout\u011b\u017ee a lekce. V\u00a0\u010cesk\u00e9 republice je spousta talent\u016f a douf\u00e1m, \u017ee v\u00a0budoucnosti n\u011bjak\u00fd talent tuto zemi proslav\u00ed. Mysl\u00edm, \u017ee by si to \u010cesk\u00e1 republika zaslou\u017eila.<\/p>\n<p style=\"font-weight: 400;\"><strong>Monica:<\/strong>\u00a0I podle m\u011b je tu mnoho talent\u016f. V\u0161imla jsme si, \u017ee maj\u00ed dobr\u00e9 z\u00e1klady \u2013 jako nap\u0159. pr\u00e1ce nohou, pr\u00e1ce chodidel. A to i kdy\u017e jsou to p\u00e1ry, jak \u0159\u00edkal Michele, kter\u00e9 si sice nemohou dovolit p\u0159\u00edli\u0161 lekc\u00ed, ale o\u010dividn\u011b je tren\u00e9\u0159i sleduj\u00ed a jsou na spr\u00e1vn\u00e9 cest\u011b. My se budeme sna\u017eit pomoci jim, jak jenom je to mo\u017en\u00e9 na workshopech. Na takov\u00fdch workshopech jsme zde ji\u017e u\u010dili a sna\u017eili jsme se poskytnout co nejv\u00edce takov\u00fdch informac\u00ed, kter\u00e9 pak p\u00e1ry mohou d\u00e1le rozv\u00edjet se sv\u00fdmi tren\u00e9ry. A douf\u00e1m, \u017ee n\u011bkdy v\u00a0budoucnu se z\u00fa\u010dastn\u00ed i sout\u011b\u017e\u00ed v zahrani\u010d\u00ed. V\u011b\u0159\u00edm, \u017ee d\u0159\u00edve nebo pozd\u011bji, tak\u00e9 tady bude \u0161ampi\u00f3n, kter\u00fd si zatan\u010d\u00ed fin\u00e1le mistrovstv\u00ed sv\u011bta nebo fin\u00e1le v\u00a0Blackpoolu.<\/p>\n<p style=\"font-weight: 400;\">\n<p style=\"font-weight: 400;\"><em>V\u00a0p\u0159\u00edpad\u011b, \u017ee v\u00e1s bude cht\u00edt n\u011bkdo z\u00a0p\u00e1r\u016f nav\u0161t\u00edvit. M\u016f\u017eete prozradit kontakty, kde tr\u00e9nujete?<\/em><\/p>\n<p style=\"font-weight: 400;\"><strong>\u00a0<\/strong><\/p>\n<p style=\"font-weight: 400;\">Tane\u010dn\u00ed studio je v Livornu: Via delle Cateratte,<\/p>\n<p style=\"font-weight: 400;\">e -mail: michele_monica@libero.it<\/p>\n<p style=\"font-weight: 400;\"><strong>\u00a0<\/strong><\/p>\n<p style=\"font-weight: 400;\"><em>Jak\u00e9 sout\u011b\u017ee jsou nyn\u00ed p\u0159ed v\u00e1mi?<\/em><\/p>\n<p style=\"font-weight: 400;\"><strong>\u00a0<\/strong><\/p>\n<p style=\"font-weight: 400;\"><strong>Monica:\u00a0<\/strong>Na\u0161e p\u0159\u00ed\u0161t\u00ed sout\u011b\u017e bude v\u00a0lednu UK. V\u00a0prosinci nikdy nesout\u011b\u017e\u00edme, a to tak\u00e9 proto, \u017ee v\u00a0It\u00e1lii po\u0159\u00e1d\u00e1me sout\u011b\u017e spolu s\u00a0Fabiem a Simonou a s\u00a0Mirkem a Alessi\u00ed. Na t\u00e9to sout\u011b\u017ei budeme m\u00edt show a p\u0159\u00edprava n\u00e1m zab\u00edr\u00e1 hodn\u011b \u010dasu. Mus\u00edme vymyslet choreografii a tak\u00e9 ji nazkou\u0161et. V\u00a0polovin\u011b ledna se kon\u00e1 UK, kde se budeme sna\u017eit dostat do fin\u00e1le. Brzy po UK n\u00e1sleduje dal\u0161\u00ed pro n\u00e1s d\u016fle\u017eit\u00e1 sout\u011b\u017e, a to mistrovstv\u00ed It\u00e1lie. Tam se rozhoduje, kter\u00e9 dva p\u00e1ry budou reprezentovat It\u00e1lii na mistrovstv\u00ed sv\u011bta a Evropy. A my pro to ud\u011bl\u00e1me maximum.<\/p>\n<p style=\"font-weight: 400;\">\n<p style=\"font-weight: 400;\">P\u0159eklad z\u00a0italsk\u00e9ho origin\u00e1lu: Mgr.\u00a0Michaela F\u00f6rsterov\u00e1<\/p>\n<p style=\"font-weight: 400;\">\n<p style=\"font-weight: 400;\"><em>Pro DanceTime 2004\/prosinec<\/em><\/p>\n","protected":false},"excerpt":{"rendered":"<p>MICHELE BONSIGNORI &amp; MONICA BALDASSERONI \u00a0 Zm\u00edn\u00edme n\u011bkolik va\u0161ich profesion\u00e1ln\u00edch \u00fasp\u011bch\u016f: p\u00e1t\u00e9 m\u00edsto na MS\u00a02002 a\u00a02003, 4. m\u00edsto na ME 2003, semifinalist\u00e9 Blackpoolu, UK a International\u2026 Kter\u00fdch amat\u00e9rsk\u00fdch a profesion\u00e1ln\u00edch \u00fasp\u011bch\u016f si nejv\u00edce cen\u00edte a r\u00e1di na n\u011b vzpom\u00edn\u00e1te? \u00a0 Michele:\u00a0Ud\u00e1lost\u00ed, kterou si p\u0159ipom\u00edn\u00e1m nejrad\u011bji, je mistrovstv\u00ed sv\u011bta v roce 1998 v\u00a0Tokiu v\u00a0Japonsku, kde jsme [&hellip;]<\/p>\n","protected":false},"author":1,"featured_media":0,"comment_status":"open","ping_status":"open","sticky":false,"template":"","format":"standard","meta":[],"categories":[3],"tags":[],"_links":{"self":[{"href":"https:\/\/www.marcel-lenka.cz\/index.php\/wp-json\/wp\/v2\/posts\/90"}],"collection":[{"href":"https:\/\/www.marcel-lenka.cz\/index.php\/wp-json\/wp\/v2\/posts"}],"about":[{"href":"https:\/\/www.marcel-lenka.cz\/index.php\/wp-json\/wp\/v2\/types\/post"}],"author":[{"embeddable":true,"href":"https:\/\/www.marcel-lenka.cz\/index.php\/wp-json\/wp\/v2\/users\/1"}],"replies":[{"embeddable":true,"href":"https:\/\/www.marcel-lenka.cz\/index.php\/wp-json\/wp\/v2\/comments?post=90"}],"version-history":[{"count":1,"href":"https:\/\/www.marcel-lenka.cz\/index.php\/wp-json\/wp\/v2\/posts\/90\/revisions"}],"predecessor-version":[{"id":91,"href":"https:\/\/www.marcel-lenka.cz\/index.php\/wp-json\/wp\/v2\/posts\/90\/revisions\/91"}],"wp:attachment":[{"href":"https:\/\/www.marcel-lenka.cz\/index.php\/wp-json\/wp\/v2\/media?parent=90"}],"wp:term":[{"taxonomy":"category","embeddable":true,"href":"https:\/\/www.marcel-lenka.cz\/index.php\/wp-json\/wp\/v2\/categories?post=90"},{"taxonomy":"post_tag","embeddable":true,"href":"https:\/\/www.marcel-lenka.cz\/index.php\/wp-json\/wp\/v2\/tags?post=90"}],"curies":[{"name":"wp","href":"https:\/\/api.w.org\/{rel}","templated":true}]}}